{"id":470,"date":"2022-01-04T16:59:32","date_gmt":"2022-01-04T15:59:32","guid":{"rendered":"http:\/\/mjcvam.fr\/wordpress\/?p=470"},"modified":"2025-03-26T15:54:02","modified_gmt":"2025-03-26T14:54:02","slug":"nouveau-ateliers-danse-et-theatre","status":"publish","type":"post","link":"https:\/\/mjcvam.fr\/wordpress\/?p=470","title":{"rendered":"Nouveau Ateliers DANSE et TH\u00c9\u00c2TRE"},"content":{"rendered":"\n<p class=\"has-text-align-center\">La&nbsp;MJC&nbsp;VAM&nbsp;vous invite \u00e0 d\u00e9couvrir ou&nbsp;\u00e0 red\u00e9couvrir&nbsp;ses ateliers Danse et Th\u00e9\u00e2tre au programme :<\/p>\n\n\n\n<p class=\"has-pale-pink-color has-text-color has-medium-font-size\"><strong>DANSE POP&rsquo;<\/strong><\/p>\n\n\n\n<p>Afin de travailler rythme, \u00e9quilibre et d\u00e9hanch\u00e9, les enfants et jeunes seront accompagn\u00e9s par Lori sur des musiques actuelles !\u00a0<br><br>&#8211; \u00c9veil pour les enfants <strong>3\/7 ans<\/strong> le mercredi<strong> de 17h15 \u00e0 18h<\/strong><br>&#8211; Danse pop le mercredi pour les <strong>8\/17 Ans de 18h \u00e0 19h<\/strong><br><br>Les enfants inscrits au centre de loisirs et les jeunes du secteur ados, seront conduits \u00e0 la salle d\u2019activit\u00e9 il vous restera simplement \u00e0 venir les chercher \u00e0 la fin du cours !<\/p>\n\n\n\n<p><\/p>\n\n\n\n<p class=\"has-text-color has-medium-font-size\" style=\"color:#dd5073\"><strong>DANSE DU MONDE ET SEXY DANSE<\/strong><\/p>\n\n\n\n<p><strong>D\u00e8s 19h, pour les femmes,<\/strong> d\u00e8s 18 ans, souhaitant travailler leur f\u00e9minit\u00e9 et leur confiance en elles, vous \u00eates invit\u00e9es \u00e0 venir danser dans un climat sympathique et bienveillant.<\/p>\n\n\n\n<figure class=\"wp-block-image size-large\"><img decoding=\"async\" width=\"1024\" height=\"294\" src=\"http:\/\/mjcvam.fr\/wordpress\/wp-content\/uploads\/2022\/01\/Capture-de\u0301cran-2022-01-13-a\u0300-16.22.19-1024x294.png\" alt=\"\" class=\"wp-image-601\" srcset=\"https:\/\/mjcvam.fr\/wordpress\/wp-content\/uploads\/2022\/01\/Capture-de\u0301cran-2022-01-13-a\u0300-16.22.19-1024x294.png 1024w, https:\/\/mjcvam.fr\/wordpress\/wp-content\/uploads\/2022\/01\/Capture-de\u0301cran-2022-01-13-a\u0300-16.22.19-300x86.png 300w, https:\/\/mjcvam.fr\/wordpress\/wp-content\/uploads\/2022\/01\/Capture-de\u0301cran-2022-01-13-a\u0300-16.22.19-768x220.png 768w, https:\/\/mjcvam.fr\/wordpress\/wp-content\/uploads\/2022\/01\/Capture-de\u0301cran-2022-01-13-a\u0300-16.22.19-1536x441.png 1536w, https:\/\/mjcvam.fr\/wordpress\/wp-content\/uploads\/2022\/01\/Capture-de\u0301cran-2022-01-13-a\u0300-16.22.19.png 1700w\" sizes=\"(max-width: 1024px) 100vw, 1024px\" \/><\/figure>\n\n\n\n<p><\/p>\n\n\n\n<p class=\"has-text-color has-medium-font-size\" style=\"color:#febf14\"><strong>NOUVEL ATELIER TH\u00c9\u00c2TRE &#8211; Conduit par Valentine Chambet<\/strong><\/p>\n\n\n\n<p><strong><strong>Ouvert aux enfants de 8 \u00e0 12 ans<\/strong><\/strong>  Le mercredi de 16h30 \u00e0  18h \u00e0 la MJC 2 rue des \u00e9coles 86310 SAINT GERMAIN<br>&#8211; Une approche ludique pour s\u2019initier au th\u00e9\u00e2tre.&nbsp; &nbsp;<br>&#8211; En jouant avec le collectif !&nbsp;<br>&#8211; En \u00e9veillant sa curiosit\u00e9&nbsp;et son imagination !&nbsp;<br>&#8211; En jouant avec son corps,&nbsp;sa voix, son expressivit\u00e9 !&nbsp;<br>&#8211; En s\u2019initiant \u00e0 l\u2019improvisation et la cr\u00e9ation collective !<\/p>\n\n\n\n<p class=\"has-text-align-center has-luminous-vivid-amber-color has-text-color\"><strong>D\u00c8S LE MERCREDI 5 JANVIER 2022 \u00c0 16H30<\/strong><\/p>\n\n\n\n<figure class=\"wp-block-image size-full is-resized\"><img decoding=\"async\" src=\"http:\/\/mjcvam.fr\/wordpress\/wp-content\/uploads\/2022\/01\/Capture-de\u0301cran-2022-01-04-a\u0300-16.57.45.png\" alt=\"\" class=\"wp-image-502\" width=\"401\" height=\"238\"\/><\/figure>\n","protected":false},"excerpt":{"rendered":"<p>La&nbsp;MJC&nbsp;VAM&nbsp;vous invite \u00e0 d\u00e9couvrir ou&nbsp;\u00e0 red\u00e9couvrir&nbsp;ses ateliers Danse et Th\u00e9\u00e2tre au programme : DANSE POP&rsquo; Afin de travailler rythme, \u00e9quilibre et d\u00e9hanch\u00e9, les enfants et jeunes seront accompagn\u00e9s par Lori sur des musiques actuelles !\u00a0 &#8211; \u00c9veil pour les enfants 3\/7 ans le mercredi de 17h15 \u00e0 18h&#8211; Danse pop le mercredi pour les 8\/17 [&hellip;]<\/p>\n","protected":false},"author":3,"featured_media":624,"comment_status":"open","ping_status":"open","sticky":false,"template":"","format":"standard","meta":{"_regular_price":[],"currency_symbol":[],"footnotes":""},"categories":[6,7,37],"tags":[2,5,15,3,10],"class_list":["post-470","post","type-post","status-publish","format-standard","has-post-thumbnail","hentry","category-animations","category-enfance","category-pratiques-amateur","tag-activites","tag-amateur","tag-danse","tag-pratiques","tag-theatre"],"post_slider_layout_featured_media_urls":{"thumbnail":["https:\/\/mjcvam.fr\/wordpress\/wp-content\/uploads\/2022\/01\/danse-theatre-1-150x150.jpg",150,150,true],"post_slider_layout_landscape_large":["https:\/\/mjcvam.fr\/wordpress\/wp-content\/uploads\/2022\/01\/danse-theatre-1-1200x800.jpg",1200,800,true],"post_slider_layout_portrait_large":["https:\/\/mjcvam.fr\/wordpress\/wp-content\/uploads\/2022\/01\/danse-theatre-1-1200x1240.jpg",1200,1240,true],"post_slider_layout_square_large":["https:\/\/mjcvam.fr\/wordpress\/wp-content\/uploads\/2022\/01\/danse-theatre-1-1200x1200.jpg",1200,1200,true],"post_slider_layout_landscape":["https:\/\/mjcvam.fr\/wordpress\/wp-content\/uploads\/2022\/01\/danse-theatre-1-600x400.jpg",600,400,true],"post_slider_layout_portrait":["https:\/\/mjcvam.fr\/wordpress\/wp-content\/uploads\/2022\/01\/danse-theatre-1-600x900.jpg",600,900,true],"post_slider_layout_square":["https:\/\/mjcvam.fr\/wordpress\/wp-content\/uploads\/2022\/01\/danse-theatre-1-600x600.jpg",600,600,true],"full":["https:\/\/mjcvam.fr\/wordpress\/wp-content\/uploads\/2022\/01\/danse-theatre-1.jpg",1748,1240,false]},"_links":{"self":[{"href":"https:\/\/mjcvam.fr\/wordpress\/index.php?rest_route=\/wp\/v2\/posts\/470","targetHints":{"allow":["GET"]}}],"collection":[{"href":"https:\/\/mjcvam.fr\/wordpress\/index.php?rest_route=\/wp\/v2\/posts"}],"about":[{"href":"https:\/\/mjcvam.fr\/wordpress\/index.php?rest_route=\/wp\/v2\/types\/post"}],"author":[{"embeddable":true,"href":"https:\/\/mjcvam.fr\/wordpress\/index.php?rest_route=\/wp\/v2\/users\/3"}],"replies":[{"embeddable":true,"href":"https:\/\/mjcvam.fr\/wordpress\/index.php?rest_route=%2Fwp%2Fv2%2Fcomments&post=470"}],"version-history":[{"count":8,"href":"https:\/\/mjcvam.fr\/wordpress\/index.php?rest_route=\/wp\/v2\/posts\/470\/revisions"}],"predecessor-version":[{"id":623,"href":"https:\/\/mjcvam.fr\/wordpress\/index.php?rest_route=\/wp\/v2\/posts\/470\/revisions\/623"}],"wp:featuredmedia":[{"embeddable":true,"href":"https:\/\/mjcvam.fr\/wordpress\/index.php?rest_route=\/wp\/v2\/media\/624"}],"wp:attachment":[{"href":"https:\/\/mjcvam.fr\/wordpress\/index.php?rest_route=%2Fwp%2Fv2%2Fmedia&parent=470"}],"wp:term":[{"taxonomy":"category","embeddable":true,"href":"https:\/\/mjcvam.fr\/wordpress\/index.php?rest_route=%2Fwp%2Fv2%2Fcategories&post=470"},{"taxonomy":"post_tag","embeddable":true,"href":"https:\/\/mjcvam.fr\/wordpress\/index.php?rest_route=%2Fwp%2Fv2%2Ftags&post=470"}],"curies":[{"name":"wp","href":"https:\/\/api.w.org\/{rel}","templated":true}]}}