{"id":387,"date":"2021-09-20T15:09:31","date_gmt":"2021-09-20T13:09:31","guid":{"rendered":"http:\/\/mjcvam.fr\/wordpress\/?p=387"},"modified":"2022-01-04T16:54:34","modified_gmt":"2022-01-04T15:54:34","slug":"concert-trio-des-momes","status":"publish","type":"post","link":"https:\/\/mjcvam.fr\/wordpress\/?p=387","title":{"rendered":"Concert TRIO DES M\u00d4MES"},"content":{"rendered":"\n<p>Spectacle vocal et musical accessible \u00e0 partir de 3 ans. Une ambiance et des sons qui vous emportent.<\/p>\n\n\n\n<p>Un tapis en moumoute, des sons comme des gouttes d\u2019eau sur la chaleur de l\u2019enfance. Puis trois personnages \u00e9mergent entre ordinaire et extraordinaire. Elles jouent de leurs voix, de leurs corps, de leurs instruments, elles jouent avec la po\u00e9sie de l\u2019enfance, son humour, sa petite folie.<\/p>\n\n\n\n<p>Tous embarquent dans le train o\u00f9 vont les choses, billet pas cher, destination bien connue&#8230;&#8230; bonheur garanti. Le miracle de la musique op\u00e8re dans les oreilles \u00e9carquill\u00e9es de ces quelques mois de vie. Plaisir unique dans les deux camps !<\/p>\n\n\n\n<div class=\"wp-block-image\"><figure class=\"alignright size-full is-resized\"><img decoding=\"async\" src=\"http:\/\/mjcvam.fr\/wordpress\/wp-content\/uploads\/2021\/09\/Capture-decran-2021-09-20-a-15.08.03.png\" alt=\"PUBLIC ET TARIF\" class=\"wp-image-389\" width=\"178\" height=\"240\" srcset=\"https:\/\/mjcvam.fr\/wordpress\/wp-content\/uploads\/2021\/09\/Capture-decran-2021-09-20-a-15.08.03.png 237w, https:\/\/mjcvam.fr\/wordpress\/wp-content\/uploads\/2021\/09\/Capture-decran-2021-09-20-a-15.08.03-222x300.png 222w\" sizes=\"(max-width: 178px) 100vw, 178px\" \/><\/figure><\/div>\n","protected":false},"excerpt":{"rendered":"<p>Spectacle vocal et musical accessible \u00e0 partir de 3 ans. Une ambiance et des sons qui vous emportent. Un tapis en moumoute, des sons comme des gouttes d\u2019eau sur la chaleur de l\u2019enfance. Puis trois personnages \u00e9mergent entre ordinaire et extraordinaire. Elles jouent de leurs voix, de leurs corps, de leurs instruments, elles jouent avec [&hellip;]<\/p>\n","protected":false},"author":3,"featured_media":388,"comment_status":"closed","ping_status":"closed","sticky":false,"template":"","format":"standard","meta":{"_regular_price":[],"currency_symbol":[],"footnotes":""},"categories":[6,9,7,36],"tags":[],"class_list":["post-387","post","type-post","status-publish","format-standard","has-post-thumbnail","hentry","category-animations","category-culture","category-enfance","category-vie-associative"],"post_slider_layout_featured_media_urls":{"thumbnail":["https:\/\/mjcvam.fr\/wordpress\/wp-content\/uploads\/2021\/09\/143330-29septembre-triodemomes-1-150x150.jpeg",150,150,true],"post_slider_layout_landscape_large":["https:\/\/mjcvam.fr\/wordpress\/wp-content\/uploads\/2021\/09\/143330-29septembre-triodemomes-1.jpeg",1200,367,false],"post_slider_layout_portrait_large":["https:\/\/mjcvam.fr\/wordpress\/wp-content\/uploads\/2021\/09\/143330-29septembre-triodemomes-1.jpeg",1200,367,false],"post_slider_layout_square_large":["https:\/\/mjcvam.fr\/wordpress\/wp-content\/uploads\/2021\/09\/143330-29septembre-triodemomes-1.jpeg",1200,367,false],"post_slider_layout_landscape":["https:\/\/mjcvam.fr\/wordpress\/wp-content\/uploads\/2021\/09\/143330-29septembre-triodemomes-1.jpeg",600,184,false],"post_slider_layout_portrait":["https:\/\/mjcvam.fr\/wordpress\/wp-content\/uploads\/2021\/09\/143330-29septembre-triodemomes-1.jpeg",600,184,false],"post_slider_layout_square":["https:\/\/mjcvam.fr\/wordpress\/wp-content\/uploads\/2021\/09\/143330-29septembre-triodemomes-1.jpeg",600,184,false],"full":["https:\/\/mjcvam.fr\/wordpress\/wp-content\/uploads\/2021\/09\/143330-29septembre-triodemomes-1.jpeg",1340,410,false]},"_links":{"self":[{"href":"https:\/\/mjcvam.fr\/wordpress\/index.php?rest_route=\/wp\/v2\/posts\/387","targetHints":{"allow":["GET"]}}],"collection":[{"href":"https:\/\/mjcvam.fr\/wordpress\/index.php?rest_route=\/wp\/v2\/posts"}],"about":[{"href":"https:\/\/mjcvam.fr\/wordpress\/index.php?rest_route=\/wp\/v2\/types\/post"}],"author":[{"embeddable":true,"href":"https:\/\/mjcvam.fr\/wordpress\/index.php?rest_route=\/wp\/v2\/users\/3"}],"replies":[{"embeddable":true,"href":"https:\/\/mjcvam.fr\/wordpress\/index.php?rest_route=%2Fwp%2Fv2%2Fcomments&post=387"}],"version-history":[{"count":1,"href":"https:\/\/mjcvam.fr\/wordpress\/index.php?rest_route=\/wp\/v2\/posts\/387\/revisions"}],"predecessor-version":[{"id":390,"href":"https:\/\/mjcvam.fr\/wordpress\/index.php?rest_route=\/wp\/v2\/posts\/387\/revisions\/390"}],"wp:featuredmedia":[{"embeddable":true,"href":"https:\/\/mjcvam.fr\/wordpress\/index.php?rest_route=\/wp\/v2\/media\/388"}],"wp:attachment":[{"href":"https:\/\/mjcvam.fr\/wordpress\/index.php?rest_route=%2Fwp%2Fv2%2Fmedia&parent=387"}],"wp:term":[{"taxonomy":"category","embeddable":true,"href":"https:\/\/mjcvam.fr\/wordpress\/index.php?rest_route=%2Fwp%2Fv2%2Fcategories&post=387"},{"taxonomy":"post_tag","embeddable":true,"href":"https:\/\/mjcvam.fr\/wordpress\/index.php?rest_route=%2Fwp%2Fv2%2Ftags&post=387"}],"curies":[{"name":"wp","href":"https:\/\/api.w.org\/{rel}","templated":true}]}}