{"id":2458,"date":"2026-04-29T15:42:35","date_gmt":"2026-04-29T13:42:35","guid":{"rendered":"https:\/\/mjcvam.fr\/wordpress\/?p=2458"},"modified":"2026-04-29T15:42:35","modified_gmt":"2026-04-29T13:42:35","slug":"sejour-a-la-fermotheque-a-destination-des-plus-de-6-ans","status":"publish","type":"post","link":"https:\/\/mjcvam.fr\/wordpress\/?p=2458","title":{"rendered":"S\u00e9jour \u00e0 la Fermoth\u00e8que \u00e0 destination des plus de 6 ans"},"content":{"rendered":"","protected":false},"excerpt":{"rendered":"","protected":false},"author":2,"featured_media":2459,"comment_status":"open","ping_status":"open","sticky":false,"template":"","format":"standard","meta":{"_regular_price":[],"currency_symbol":[],"footnotes":""},"categories":[6,7],"tags":[],"class_list":["post-2458","post","type-post","status-publish","format-standard","has-post-thumbnail","hentry","category-animations","category-enfance"],"post_slider_layout_featured_media_urls":{"thumbnail":["https:\/\/mjcvam.fr\/wordpress\/wp-content\/uploads\/2026\/04\/Sejour-6-ans-1-150x150.jpg",150,150,true],"post_slider_layout_landscape_large":["https:\/\/mjcvam.fr\/wordpress\/wp-content\/uploads\/2026\/04\/Sejour-6-ans-1-1200x800.jpg",1200,800,true],"post_slider_layout_portrait_large":["https:\/\/mjcvam.fr\/wordpress\/wp-content\/uploads\/2026\/04\/Sejour-6-ans-1-1200x1800.jpg",1200,1800,true],"post_slider_layout_square_large":["https:\/\/mjcvam.fr\/wordpress\/wp-content\/uploads\/2026\/04\/Sejour-6-ans-1-1200x1200.jpg",1200,1200,true],"post_slider_layout_landscape":["https:\/\/mjcvam.fr\/wordpress\/wp-content\/uploads\/2026\/04\/Sejour-6-ans-1-600x400.jpg",600,400,true],"post_slider_layout_portrait":["https:\/\/mjcvam.fr\/wordpress\/wp-content\/uploads\/2026\/04\/Sejour-6-ans-1-600x900.jpg",600,900,true],"post_slider_layout_square":["https:\/\/mjcvam.fr\/wordpress\/wp-content\/uploads\/2026\/04\/Sejour-6-ans-1-600x600.jpg",600,600,true],"full":["https:\/\/mjcvam.fr\/wordpress\/wp-content\/uploads\/2026\/04\/Sejour-6-ans-1.jpg",1357,1920,false]},"_links":{"self":[{"href":"https:\/\/mjcvam.fr\/wordpress\/index.php?rest_route=\/wp\/v2\/posts\/2458","targetHints":{"allow":["GET"]}}],"collection":[{"href":"https:\/\/mjcvam.fr\/wordpress\/index.php?rest_route=\/wp\/v2\/posts"}],"about":[{"href":"https:\/\/mjcvam.fr\/wordpress\/index.php?rest_route=\/wp\/v2\/types\/post"}],"author":[{"embeddable":true,"href":"https:\/\/mjcvam.fr\/wordpress\/index.php?rest_route=\/wp\/v2\/users\/2"}],"replies":[{"embeddable":true,"href":"https:\/\/mjcvam.fr\/wordpress\/index.php?rest_route=%2Fwp%2Fv2%2Fcomments&post=2458"}],"version-history":[{"count":1,"href":"https:\/\/mjcvam.fr\/wordpress\/index.php?rest_route=\/wp\/v2\/posts\/2458\/revisions"}],"predecessor-version":[{"id":2460,"href":"https:\/\/mjcvam.fr\/wordpress\/index.php?rest_route=\/wp\/v2\/posts\/2458\/revisions\/2460"}],"wp:featuredmedia":[{"embeddable":true,"href":"https:\/\/mjcvam.fr\/wordpress\/index.php?rest_route=\/wp\/v2\/media\/2459"}],"wp:attachment":[{"href":"https:\/\/mjcvam.fr\/wordpress\/index.php?rest_route=%2Fwp%2Fv2%2Fmedia&parent=2458"}],"wp:term":[{"taxonomy":"category","embeddable":true,"href":"https:\/\/mjcvam.fr\/wordpress\/index.php?rest_route=%2Fwp%2Fv2%2Fcategories&post=2458"},{"taxonomy":"post_tag","embeddable":true,"href":"https:\/\/mjcvam.fr\/wordpress\/index.php?rest_route=%2Fwp%2Fv2%2Ftags&post=2458"}],"curies":[{"name":"wp","href":"https:\/\/api.w.org\/{rel}","templated":true}]}}